



{"id":2862,"date":"2025-04-24T12:13:10","date_gmt":"2025-04-24T10:13:10","guid":{"rendered":"https:\/\/www.esfrigo.it\/?p=2862"},"modified":"2025-07-02T16:14:02","modified_gmt":"2025-07-02T14:14:02","slug":"installation-camion-refroidissement","status":"publish","type":"post","link":"https:\/\/www.esfrigo.it\/fr\/installation-camion-refroidissement\/","title":{"rendered":"Am\u00e9nager un fourgon frigorifique\u202f: tout ce que vous devez savoir sur les solutions techniques, les d\u00e9lais et les co\u00fbts\u00a0"},"content":{"rendered":"\n<div style=\"height:20px\" aria-hidden=\"true\" class=\"wp-block-spacer\"><\/div>\n\n\n\n<h2 class=\"wp-block-heading\">Am\u00e9nager un fourgon frigorifique\u202f: tout ce que vous devez savoir sur les solutions techniques, les d\u00e9lais et les co\u00fbts&nbsp;<\/h2>\n\n\n\n<div style=\"height:20px\" aria-hidden=\"true\" class=\"wp-block-spacer\"><\/div>\n\n\n\n<p>Si vous g\u00e9rez des produits p\u00e9rissables ou thermosensibles, vous avez d\u00fb vous demander comment am\u00e9nager au mieux un fourgon frigorifique. Le maintien de la cha\u00eene du froid est essentiel, mais les solutions peuvent varier consid\u00e9rablement en fonction des besoins, du budget et du type de travail.&nbsp;&nbsp;<\/p>\n\n\n\n<p>D\u2019un simple conteneur isotherme \u00e0 des syst\u00e8mes plus complexes avec des groupes froid ou des plaques eutectiques, les options ne manquent pas.&nbsp;&nbsp;<\/p>\n\n\n\n<p>Voyons ensemble quels sont les principaux \u00e9l\u00e9ments \u00e0 prendre en compte.&nbsp;<\/p>\n\n\n\n<h5 class=\"wp-block-heading\"><strong>Quel type d\u2019utilisation allez-vous en faire\u202f?\u00a0<\/strong><\/h5>\n\n\n\n<p><strong>Transport vs Distribution<\/strong>&nbsp;<br>La premi\u00e8re chose \u00e0 se demander est de savoir si vous ferez un seul transport avec une livraison finale, ou une distribution avec de nombreux arr\u00eats.&nbsp;&nbsp;<\/p>\n\n\n\n<p>Si votre fourgon s\u2019ouvre quelques fois (par exemple, en transportant les marchandises directement du point A au point B), vous pourrez \u00e9galement vous contenter d\u2019un syst\u00e8me moins sophistiqu\u00e9 tel qu\u2019un conteneur isotherme.&nbsp;&nbsp;<\/p>\n\n\n\n<p>Si, au contraire, vous devez souvent ouvrir le compartiment pour livrer \u00e0 plusieurs clients, vous aurez besoin de solutions capables de r\u00e9sister \u00e0 ces changements de temp\u00e9rature constants.&nbsp;<\/p>\n\n\n\n<h5 class=\"wp-block-heading\"><strong>Quelle temp\u00e9rature devez-vous maintenir\u202f?\u00a0<\/strong><\/h5>\n\n\n\n<p><strong>Frais ou surgel\u00e9\u202f?<\/strong>&nbsp;<br>Il est fondamental de comprendre \u00e0 quelle temp\u00e9rature vous souhaitez conserver le produit. Le transport de marchandises fra\u00eeches \u00e0 0\u00b0C est diff\u00e9rent du maintien de surgel\u00e9s \u00e0 -20\u00b0C.&nbsp;&nbsp;<\/p>\n\n\n\n<p>Si vous devez g\u00e9rer simultan\u00e9ment des produits frais et surgel\u00e9s, la question se complique\u202f: vous aurez peut-\u00eatre besoin de syst\u00e8mes qui g\u00e8rent plusieurs temp\u00e9ratures dans le m\u00eame v\u00e9hicule.&nbsp;<\/p>\n\n\n\n<h5 class=\"wp-block-heading\"><strong>Quel v\u00e9hicule utiliserez-vous\u202f?\u00a0<\/strong><\/h5>\n\n\n\n<p><strong>Am\u00e9nagement fixe ou insertion d\u2019un conteneur\u202f?<\/strong>&nbsp;<br>Dans certains cas, une <strong>chambre froide<\/strong> est r\u00e9alis\u00e9e et install\u00e9e en permanence \u00e0 l\u2019int\u00e9rieur d\u2019un fourgon ou d\u2019un camion. Dans d\u2019autres, il suffit d\u2019ins\u00e9rer un <strong>conteneur isotherme<\/strong> mobile, sans modifier le v\u00e9hicule de mani\u00e8re invasive.&nbsp;&nbsp;<\/p>\n\n\n\n<p>Le choix d\u00e9pend du volume de marchandise, de la fr\u00e9quence d\u2019utilisation et de la flexibilit\u00e9 que vous souhaitez.&nbsp;<\/p>\n\n\n\n<h5 class=\"wp-block-heading\"><strong>Un simple conteneur isotherme vous suffit\u202f?\u00a0<\/strong><\/h5>\n\n\n\n<p>Si vous devez couvrir de courtes distances et que vous ne faites pas beaucoup d\u2019ouvertures, un r\u00e9cipient qui maintient la temp\u00e9rature pendant le temps du trajet (peut-\u00eatre une heure ou un peu plus) peut suffire.&nbsp;&nbsp;<\/p>\n\n\n\n<p>C\u2019est une solution \u00e9conomique et parfaite pour l\u2019artisan qui transporte ses produits d\u2019un laboratoire au magasin, sans trop d\u2019\u00e9tapes interm\u00e9diaires.&nbsp;<\/p>\n\n\n\n<h5 class=\"wp-block-heading\"><strong>Vous devez faire de longs transports avec plusieurs ouvertures\u202f?\u00a0<\/strong><\/h5>\n\n\n\n<p>Montez d\u2019un niveau si vous avez besoin de longs trajets ou de nombreuses ouvertures. Un <strong>groupe froid aliment\u00e9 par la batterie du v\u00e9hicule<\/strong> refroidit le conteneur isotherme tant que le moteur est allum\u00e9.&nbsp;<\/p>\n\n\n\n<p>Id\u00e9al pour maintenir 0\u00b0C sur de longues distances ou avec plusieurs arr\u00eats, car la temp\u00e9rature se r\u00e9tablit facilement apr\u00e8s chaque ouverture.&nbsp;<\/p>\n\n\n\n<h5 class=\"wp-block-heading\"><strong>Grande distribution et transport en dessous de z\u00e9ro\u00a0<\/strong><\/h5>\n\n\n\n<p>Pour ceux qui doivent descendre jusqu\u2019\u00e0 -20\u00b0C et qui se heurtent aux limites d\u2019alimentation de la batterie, il existe des syst\u00e8mes \u00e0 <strong>plaques eutectiques<\/strong> qui accumulent le froid pendant la nuit.&nbsp;&nbsp;<\/p>\n\n\n\n<p>Le liquide eutectique g\u00e8le \u00e0 des temp\u00e9ratures tr\u00e8s basses (par exemple -30\u00b0C), et lib\u00e8re progressivement le froid au cours de la journ\u00e9e, garantissant une autonomie thermique m\u00eame sans groupe froid constamment en action.&nbsp;<\/p>\n\n\n\n<p>Ce sont les syst\u00e8mes les plus complexes, mais aussi de loin les plus efficaces pour ceux qui ont des besoins particuliers.&nbsp;<\/p>\n\n\n\n<h5 class=\"wp-block-heading\"><strong>D\u00e9lais et co\u00fbts\u202f: deux variables importantes\u00a0<\/strong><\/h5>\n\n\n\n<p><strong>Combien \u00e7a co\u00fbte\u202f?<\/strong>&nbsp;<br>Difficile de donner un chiffre standard\u202f: on part d\u2019environ <strong>1\u202f000\u202f\u20ac<\/strong> pour un syst\u00e8me de base (par exemple un conteneur isotherme simple) \u00e0 <strong>30\u202f000\u202f\u20ac<\/strong> pour des am\u00e9nagements plus grands et plus complexes, capables de g\u00e9rer des volumes et des temp\u00e9ratures diff\u00e9rentes.&nbsp;&nbsp;<\/p>\n\n\n\n<p>Le prix augmente avec la capacit\u00e9, le besoin de r\u00e9frig\u00e9ration active et la pr\u00e9sence de plusieurs compartiments.&nbsp;<\/p>\n\n\n\n<p><strong>Quels sont les d\u00e9lais\u202f?<\/strong>&nbsp;<br>En moyenne, un am\u00e9nagement peut prendre de <strong>5 \u00e0 7 semaines<\/strong>.&nbsp;&nbsp;<\/p>\n\n\n\n<p>Cela inclut la conception, la production des parties isothermes et\/ou la r\u00e9alisation des syst\u00e8mes frigorifiques ou eutectiques, ainsi que l\u2019\u00e9ventuelle installation fixe dans le v\u00e9hicule.&nbsp;<\/p>\n\n\n\n<p>&#8211;<\/p>\n\n\n\n<p>L\u2019am\u00e9nagement d\u2019un fourgon frigorifique n\u00e9cessite des \u00e9valuations attentives\u202f: le type de marchandise, la fr\u00e9quence d\u2019ouverture, les temp\u00e9ratures requises, le volume de chargement et le budget disponible. Souvent, c\u2019est un investissement qui rapporte en mati\u00e8re de qualit\u00e9 du transport et de protection des marchandises.&nbsp;<\/p>\n\n\n\n<p>Que vous soyez un fabricant artisanal avec peu de livraisons ou un distributeur qui approvisionne des dizaines de points de vente, il existe toujours une solution sur mesure. Et avec la bonne planification \u2014 et peut-\u00eatre quelques conseils d\u2019experts du secteur \u2014 vous pouvez garantir une fiabilit\u00e9 thermique maximale et la satisfaction de vos clients (ainsi que la v\u00f4tre\u202f!).&nbsp;<\/p>\n\n\n\n<p>Si vous avez besoin d\u2019une aide personnalis\u00e9e ou si vous souhaitez en savoir plus sur la configuration de votre v\u00e9hicule, <strong>ES Frigo<\/strong> est \u00e0 vos c\u00f4t\u00e9s pour trouver la solution parfaite\u202f: du conteneur isotherme simple aux syst\u00e8mes avec des plaques eutectiques, con\u00e7us pour les parcours les plus exigeants.&nbsp;&nbsp;<\/p>\n\n\n\n<p><strong>N\u2019h\u00e9sitez pas \u00e0 nous contacter\u202f: le froid est notre m\u00e9tier\u202f!\u00a0<\/strong><\/p>\n","protected":false},"excerpt":{"rendered":"<p>Am\u00e9nager un fourgon frigorifique\u202f: tout ce que vous devez savoir sur les solutions techniques, les d\u00e9lais et les co\u00fbts&nbsp; Si vous g\u00e9rez des produits p\u00e9rissables ou thermosensibles, vous avez d\u00fb vous demander comment am\u00e9nager au mieux un fourgon frigorifique. Le maintien de la cha\u00eene du froid est essentiel, mais les solutions peuvent varier consid\u00e9rablement en [&hellip;]<\/p>\n","protected":false},"author":1,"featured_media":2794,"comment_status":"closed","ping_status":"closed","sticky":false,"template":"","format":"standard","meta":{"_acf_changed":false,"inline_featured_image":false,"_joinchat":[],"footnotes":""},"categories":[52],"tags":[92,93,94,97,78,99],"class_list":["post-2862","post","type-post","status-publish","format-standard","has-post-thumbnail","hentry","category-news-fr","tag-etude-de-cas","tag-gestion-de-la-temperature","tag-solutions-sur-mesure","tag-systemes-de-refrigeration","tag-transport-sous-temperature-dirigee","tag-vehicules-electriques"],"acf":[],"yoast_head":"<!-- This site is optimized with the Yoast SEO plugin v25.5 - https:\/\/yoast.com\/wordpress\/plugins\/seo\/ -->\n<title>Mise en place d&#039;une camionnette frigorifique : solutions techniques, temps et co\u00fbts<\/title>\n<meta name=\"description\" content=\"D\u00e9couvrez comment am\u00e9nager une camionnette frigorifique : solutions, temps et co\u00fbts pour assurer la cha\u00eene du froid et choisir le bon syst\u00e8me.\" \/>\n<meta name=\"robots\" content=\"index, follow, max-snippet:-1, max-image-preview:large, max-video-preview:-1\" \/>\n<link rel=\"canonical\" href=\"https:\/\/www.esfrigo.it\/fr\/installation-camion-refroidissement\/\" \/>\n<meta property=\"og:locale\" content=\"fr_FR\" \/>\n<meta property=\"og:type\" content=\"article\" \/>\n<meta property=\"og:title\" content=\"Mise en place d&#039;une camionnette frigorifique : solutions techniques, temps et co\u00fbts\" \/>\n<meta property=\"og:description\" content=\"D\u00e9couvrez comment am\u00e9nager une camionnette frigorifique : solutions, temps et co\u00fbts pour assurer la cha\u00eene du froid et choisir le bon syst\u00e8me.\" \/>\n<meta property=\"og:url\" content=\"https:\/\/www.esfrigo.it\/fr\/installation-camion-refroidissement\/\" \/>\n<meta property=\"og:site_name\" content=\"esfrigo\" \/>\n<meta property=\"article:published_time\" content=\"2025-04-24T10:13:10+00:00\" \/>\n<meta property=\"article:modified_time\" content=\"2025-07-02T14:14:02+00:00\" \/>\n<meta property=\"og:image\" content=\"https:\/\/www.esfrigo.it\/wp-content\/uploads\/2025\/04\/Progetto-senza-titolo.jpg\" \/>\n\t<meta property=\"og:image:width\" content=\"1968\" \/>\n\t<meta property=\"og:image:height\" content=\"840\" \/>\n\t<meta property=\"og:image:type\" content=\"image\/jpeg\" \/>\n<meta name=\"author\" content=\"deK4gd\" \/>\n<meta name=\"twitter:card\" content=\"summary_large_image\" \/>\n<meta name=\"twitter:label1\" content=\"Written by\" \/>\n\t<meta name=\"twitter:data1\" content=\"deK4gd\" \/>\n\t<meta name=\"twitter:label2\" content=\"Est. reading time\" \/>\n\t<meta name=\"twitter:data2\" content=\"5 minutes\" \/>\n<script type=\"application\/ld+json\" class=\"yoast-schema-graph\">{\"@context\":\"https:\/\/schema.org\",\"@graph\":[{\"@type\":\"Article\",\"@id\":\"https:\/\/www.esfrigo.it\/fr\/installation-camion-refroidissement\/#article\",\"isPartOf\":{\"@id\":\"https:\/\/www.esfrigo.it\/fr\/installation-camion-refroidissement\/\"},\"author\":{\"name\":\"deK4gd\",\"@id\":\"https:\/\/www.esfrigo.it\/fr\/#\/schema\/person\/897c5cee3b730c832e3b71122b0f1c60\"},\"headline\":\"Am\u00e9nager un fourgon frigorifique\u202f: tout ce que vous devez savoir sur les solutions techniques, les d\u00e9lais et les co\u00fbts\u00a0\",\"datePublished\":\"2025-04-24T10:13:10+00:00\",\"dateModified\":\"2025-07-02T14:14:02+00:00\",\"mainEntityOfPage\":{\"@id\":\"https:\/\/www.esfrigo.it\/fr\/installation-camion-refroidissement\/\"},\"wordCount\":966,\"publisher\":{\"@id\":\"https:\/\/www.esfrigo.it\/fr\/#organization\"},\"image\":{\"@id\":\"https:\/\/www.esfrigo.it\/fr\/installation-camion-refroidissement\/#primaryimage\"},\"thumbnailUrl\":\"https:\/\/www.esfrigo.it\/wp-content\/uploads\/2025\/04\/Progetto-senza-titolo.jpg\",\"keywords\":[\"\u00c9tude de cas\",\"Gestion de la temp\u00e9rature\",\"Solutions sur mesure\",\"Syst\u00e8mes de r\u00e9frig\u00e9ration\",\"Transport sous temp\u00e9rature dirig\u00e9e\",\"V\u00e9hicules \u00e9lectriques\"],\"articleSection\":[\"news\"],\"inLanguage\":\"fr-FR\"},{\"@type\":\"WebPage\",\"@id\":\"https:\/\/www.esfrigo.it\/fr\/installation-camion-refroidissement\/\",\"url\":\"https:\/\/www.esfrigo.it\/fr\/installation-camion-refroidissement\/\",\"name\":\"Mise en place d'une camionnette frigorifique : solutions techniques, temps et co\u00fbts\",\"isPartOf\":{\"@id\":\"https:\/\/www.esfrigo.it\/fr\/#website\"},\"primaryImageOfPage\":{\"@id\":\"https:\/\/www.esfrigo.it\/fr\/installation-camion-refroidissement\/#primaryimage\"},\"image\":{\"@id\":\"https:\/\/www.esfrigo.it\/fr\/installation-camion-refroidissement\/#primaryimage\"},\"thumbnailUrl\":\"https:\/\/www.esfrigo.it\/wp-content\/uploads\/2025\/04\/Progetto-senza-titolo.jpg\",\"datePublished\":\"2025-04-24T10:13:10+00:00\",\"dateModified\":\"2025-07-02T14:14:02+00:00\",\"description\":\"D\u00e9couvrez comment am\u00e9nager une camionnette frigorifique : solutions, temps et co\u00fbts pour assurer la cha\u00eene du froid et choisir le bon syst\u00e8me.\",\"breadcrumb\":{\"@id\":\"https:\/\/www.esfrigo.it\/fr\/installation-camion-refroidissement\/#breadcrumb\"},\"inLanguage\":\"fr-FR\",\"potentialAction\":[{\"@type\":\"ReadAction\",\"target\":[\"https:\/\/www.esfrigo.it\/fr\/installation-camion-refroidissement\/\"]}]},{\"@type\":\"ImageObject\",\"inLanguage\":\"fr-FR\",\"@id\":\"https:\/\/www.esfrigo.it\/fr\/installation-camion-refroidissement\/#primaryimage\",\"url\":\"https:\/\/www.esfrigo.it\/wp-content\/uploads\/2025\/04\/Progetto-senza-titolo.jpg\",\"contentUrl\":\"https:\/\/www.esfrigo.it\/wp-content\/uploads\/2025\/04\/Progetto-senza-titolo.jpg\",\"width\":1968,\"height\":840,\"caption\":\"furgone refrigerato, allestimento furgone, allestire furgone refrigerato, furgone trasporto alimenti, trasporto alimenti\"},{\"@type\":\"BreadcrumbList\",\"@id\":\"https:\/\/www.esfrigo.it\/fr\/installation-camion-refroidissement\/#breadcrumb\",\"itemListElement\":[{\"@type\":\"ListItem\",\"position\":1,\"name\":\"Home\",\"item\":\"https:\/\/www.esfrigo.it\/fr\/\"},{\"@type\":\"ListItem\",\"position\":2,\"name\":\"Am\u00e9nager un fourgon frigorifique\u202f: tout ce que vous devez savoir sur les solutions techniques, les d\u00e9lais et les co\u00fbts\u00a0\"}]},{\"@type\":\"WebSite\",\"@id\":\"https:\/\/www.esfrigo.it\/fr\/#website\",\"url\":\"https:\/\/www.esfrigo.it\/fr\/\",\"name\":\"esfrigo\",\"description\":\"\",\"publisher\":{\"@id\":\"https:\/\/www.esfrigo.it\/fr\/#organization\"},\"potentialAction\":[{\"@type\":\"SearchAction\",\"target\":{\"@type\":\"EntryPoint\",\"urlTemplate\":\"https:\/\/www.esfrigo.it\/fr\/?s={search_term_string}\"},\"query-input\":{\"@type\":\"PropertyValueSpecification\",\"valueRequired\":true,\"valueName\":\"search_term_string\"}}],\"inLanguage\":\"fr-FR\"},{\"@type\":\"Organization\",\"@id\":\"https:\/\/www.esfrigo.it\/fr\/#organization\",\"name\":\"esfrigo\",\"url\":\"https:\/\/www.esfrigo.it\/fr\/\",\"logo\":{\"@type\":\"ImageObject\",\"inLanguage\":\"fr-FR\",\"@id\":\"https:\/\/www.esfrigo.it\/fr\/#\/schema\/logo\/image\/\",\"url\":\"https:\/\/www.esfrigo.it\/wp-content\/uploads\/2024\/10\/Logo-Positivo-2.png\",\"contentUrl\":\"https:\/\/www.esfrigo.it\/wp-content\/uploads\/2024\/10\/Logo-Positivo-2.png\",\"width\":173,\"height\":60,\"caption\":\"esfrigo\"},\"image\":{\"@id\":\"https:\/\/www.esfrigo.it\/fr\/#\/schema\/logo\/image\/\"}},{\"@type\":\"Person\",\"@id\":\"https:\/\/www.esfrigo.it\/fr\/#\/schema\/person\/897c5cee3b730c832e3b71122b0f1c60\",\"name\":\"deK4gd\",\"image\":{\"@type\":\"ImageObject\",\"inLanguage\":\"fr-FR\",\"@id\":\"https:\/\/www.esfrigo.it\/fr\/#\/schema\/person\/image\/\",\"url\":\"https:\/\/secure.gravatar.com\/avatar\/1ddd37a07d8c2ba0cbbb7ea5cb0caf64?s=96&d=mm&r=g\",\"contentUrl\":\"https:\/\/secure.gravatar.com\/avatar\/1ddd37a07d8c2ba0cbbb7ea5cb0caf64?s=96&d=mm&r=g\",\"caption\":\"deK4gd\"},\"sameAs\":[\"https:\/\/www.esfrigo.it\"],\"url\":\"https:\/\/www.esfrigo.it\/fr\/author\/dek4gd\/\"}]}<\/script>\n<!-- \/ Yoast SEO plugin. -->","yoast_head_json":{"title":"Mise en place d'une camionnette frigorifique : solutions techniques, temps et co\u00fbts","description":"D\u00e9couvrez comment am\u00e9nager une camionnette frigorifique : solutions, temps et co\u00fbts pour assurer la cha\u00eene du froid et choisir le bon syst\u00e8me.","robots":{"index":"index","follow":"follow","max-snippet":"max-snippet:-1","max-image-preview":"max-image-preview:large","max-video-preview":"max-video-preview:-1"},"canonical":"https:\/\/www.esfrigo.it\/fr\/installation-camion-refroidissement\/","og_locale":"fr_FR","og_type":"article","og_title":"Mise en place d'une camionnette frigorifique : solutions techniques, temps et co\u00fbts","og_description":"D\u00e9couvrez comment am\u00e9nager une camionnette frigorifique : solutions, temps et co\u00fbts pour assurer la cha\u00eene du froid et choisir le bon syst\u00e8me.","og_url":"https:\/\/www.esfrigo.it\/fr\/installation-camion-refroidissement\/","og_site_name":"esfrigo","article_published_time":"2025-04-24T10:13:10+00:00","article_modified_time":"2025-07-02T14:14:02+00:00","og_image":[{"width":1968,"height":840,"url":"https:\/\/www.esfrigo.it\/wp-content\/uploads\/2025\/04\/Progetto-senza-titolo.jpg","type":"image\/jpeg"}],"author":"deK4gd","twitter_card":"summary_large_image","twitter_misc":{"Written by":"deK4gd","Est. reading time":"5 minutes"},"schema":{"@context":"https:\/\/schema.org","@graph":[{"@type":"Article","@id":"https:\/\/www.esfrigo.it\/fr\/installation-camion-refroidissement\/#article","isPartOf":{"@id":"https:\/\/www.esfrigo.it\/fr\/installation-camion-refroidissement\/"},"author":{"name":"deK4gd","@id":"https:\/\/www.esfrigo.it\/fr\/#\/schema\/person\/897c5cee3b730c832e3b71122b0f1c60"},"headline":"Am\u00e9nager un fourgon frigorifique\u202f: tout ce que vous devez savoir sur les solutions techniques, les d\u00e9lais et les co\u00fbts\u00a0","datePublished":"2025-04-24T10:13:10+00:00","dateModified":"2025-07-02T14:14:02+00:00","mainEntityOfPage":{"@id":"https:\/\/www.esfrigo.it\/fr\/installation-camion-refroidissement\/"},"wordCount":966,"publisher":{"@id":"https:\/\/www.esfrigo.it\/fr\/#organization"},"image":{"@id":"https:\/\/www.esfrigo.it\/fr\/installation-camion-refroidissement\/#primaryimage"},"thumbnailUrl":"https:\/\/www.esfrigo.it\/wp-content\/uploads\/2025\/04\/Progetto-senza-titolo.jpg","keywords":["\u00c9tude de cas","Gestion de la temp\u00e9rature","Solutions sur mesure","Syst\u00e8mes de r\u00e9frig\u00e9ration","Transport sous temp\u00e9rature dirig\u00e9e","V\u00e9hicules \u00e9lectriques"],"articleSection":["news"],"inLanguage":"fr-FR"},{"@type":"WebPage","@id":"https:\/\/www.esfrigo.it\/fr\/installation-camion-refroidissement\/","url":"https:\/\/www.esfrigo.it\/fr\/installation-camion-refroidissement\/","name":"Mise en place d'une camionnette frigorifique : solutions techniques, temps et co\u00fbts","isPartOf":{"@id":"https:\/\/www.esfrigo.it\/fr\/#website"},"primaryImageOfPage":{"@id":"https:\/\/www.esfrigo.it\/fr\/installation-camion-refroidissement\/#primaryimage"},"image":{"@id":"https:\/\/www.esfrigo.it\/fr\/installation-camion-refroidissement\/#primaryimage"},"thumbnailUrl":"https:\/\/www.esfrigo.it\/wp-content\/uploads\/2025\/04\/Progetto-senza-titolo.jpg","datePublished":"2025-04-24T10:13:10+00:00","dateModified":"2025-07-02T14:14:02+00:00","description":"D\u00e9couvrez comment am\u00e9nager une camionnette frigorifique : solutions, temps et co\u00fbts pour assurer la cha\u00eene du froid et choisir le bon syst\u00e8me.","breadcrumb":{"@id":"https:\/\/www.esfrigo.it\/fr\/installation-camion-refroidissement\/#breadcrumb"},"inLanguage":"fr-FR","potentialAction":[{"@type":"ReadAction","target":["https:\/\/www.esfrigo.it\/fr\/installation-camion-refroidissement\/"]}]},{"@type":"ImageObject","inLanguage":"fr-FR","@id":"https:\/\/www.esfrigo.it\/fr\/installation-camion-refroidissement\/#primaryimage","url":"https:\/\/www.esfrigo.it\/wp-content\/uploads\/2025\/04\/Progetto-senza-titolo.jpg","contentUrl":"https:\/\/www.esfrigo.it\/wp-content\/uploads\/2025\/04\/Progetto-senza-titolo.jpg","width":1968,"height":840,"caption":"furgone refrigerato, allestimento furgone, allestire furgone refrigerato, furgone trasporto alimenti, trasporto alimenti"},{"@type":"BreadcrumbList","@id":"https:\/\/www.esfrigo.it\/fr\/installation-camion-refroidissement\/#breadcrumb","itemListElement":[{"@type":"ListItem","position":1,"name":"Home","item":"https:\/\/www.esfrigo.it\/fr\/"},{"@type":"ListItem","position":2,"name":"Am\u00e9nager un fourgon frigorifique\u202f: tout ce que vous devez savoir sur les solutions techniques, les d\u00e9lais et les co\u00fbts\u00a0"}]},{"@type":"WebSite","@id":"https:\/\/www.esfrigo.it\/fr\/#website","url":"https:\/\/www.esfrigo.it\/fr\/","name":"esfrigo","description":"","publisher":{"@id":"https:\/\/www.esfrigo.it\/fr\/#organization"},"potentialAction":[{"@type":"SearchAction","target":{"@type":"EntryPoint","urlTemplate":"https:\/\/www.esfrigo.it\/fr\/?s={search_term_string}"},"query-input":{"@type":"PropertyValueSpecification","valueRequired":true,"valueName":"search_term_string"}}],"inLanguage":"fr-FR"},{"@type":"Organization","@id":"https:\/\/www.esfrigo.it\/fr\/#organization","name":"esfrigo","url":"https:\/\/www.esfrigo.it\/fr\/","logo":{"@type":"ImageObject","inLanguage":"fr-FR","@id":"https:\/\/www.esfrigo.it\/fr\/#\/schema\/logo\/image\/","url":"https:\/\/www.esfrigo.it\/wp-content\/uploads\/2024\/10\/Logo-Positivo-2.png","contentUrl":"https:\/\/www.esfrigo.it\/wp-content\/uploads\/2024\/10\/Logo-Positivo-2.png","width":173,"height":60,"caption":"esfrigo"},"image":{"@id":"https:\/\/www.esfrigo.it\/fr\/#\/schema\/logo\/image\/"}},{"@type":"Person","@id":"https:\/\/www.esfrigo.it\/fr\/#\/schema\/person\/897c5cee3b730c832e3b71122b0f1c60","name":"deK4gd","image":{"@type":"ImageObject","inLanguage":"fr-FR","@id":"https:\/\/www.esfrigo.it\/fr\/#\/schema\/person\/image\/","url":"https:\/\/secure.gravatar.com\/avatar\/1ddd37a07d8c2ba0cbbb7ea5cb0caf64?s=96&d=mm&r=g","contentUrl":"https:\/\/secure.gravatar.com\/avatar\/1ddd37a07d8c2ba0cbbb7ea5cb0caf64?s=96&d=mm&r=g","caption":"deK4gd"},"sameAs":["https:\/\/www.esfrigo.it"],"url":"https:\/\/www.esfrigo.it\/fr\/author\/dek4gd\/"}]}},"_links":{"self":[{"href":"https:\/\/www.esfrigo.it\/fr\/wp-json\/wp\/v2\/posts\/2862","targetHints":{"allow":["GET"]}}],"collection":[{"href":"https:\/\/www.esfrigo.it\/fr\/wp-json\/wp\/v2\/posts"}],"about":[{"href":"https:\/\/www.esfrigo.it\/fr\/wp-json\/wp\/v2\/types\/post"}],"author":[{"embeddable":true,"href":"https:\/\/www.esfrigo.it\/fr\/wp-json\/wp\/v2\/users\/1"}],"replies":[{"embeddable":true,"href":"https:\/\/www.esfrigo.it\/fr\/wp-json\/wp\/v2\/comments?post=2862"}],"version-history":[{"count":2,"href":"https:\/\/www.esfrigo.it\/fr\/wp-json\/wp\/v2\/posts\/2862\/revisions"}],"predecessor-version":[{"id":2914,"href":"https:\/\/www.esfrigo.it\/fr\/wp-json\/wp\/v2\/posts\/2862\/revisions\/2914"}],"wp:featuredmedia":[{"embeddable":true,"href":"https:\/\/www.esfrigo.it\/fr\/wp-json\/wp\/v2\/media\/2794"}],"wp:attachment":[{"href":"https:\/\/www.esfrigo.it\/fr\/wp-json\/wp\/v2\/media?parent=2862"}],"wp:term":[{"taxonomy":"category","embeddable":true,"href":"https:\/\/www.esfrigo.it\/fr\/wp-json\/wp\/v2\/categories?post=2862"},{"taxonomy":"post_tag","embeddable":true,"href":"https:\/\/www.esfrigo.it\/fr\/wp-json\/wp\/v2\/tags?post=2862"}],"curies":[{"name":"wp","href":"https:\/\/api.w.org\/{rel}","templated":true}]}}