



{"id":2842,"date":"2025-02-15T14:18:26","date_gmt":"2025-02-15T13:18:26","guid":{"rendered":"https:\/\/www.esfrigo.it\/?p=2842"},"modified":"2025-07-02T14:39:47","modified_gmt":"2025-07-02T12:39:47","slug":"chaine-du-froid","status":"publish","type":"post","link":"https:\/\/www.esfrigo.it\/fr\/chaine-du-froid\/","title":{"rendered":"La cha\u00eene du froid\u202f: qu\u2019est-ce que c\u2019est et pourquoi elle est important"},"content":{"rendered":"\n<div style=\"height:20px\" aria-hidden=\"true\" class=\"wp-block-spacer\"><\/div>\n\n\n\n<h2 class=\"wp-block-heading\">La cha\u00eene du froid\u202f: qu\u2019est-ce que c\u2019est et pourquoi elle est important\u00a0<\/h2>\n\n\n\n<div style=\"height:20px\" aria-hidden=\"true\" class=\"wp-block-spacer\"><\/div>\n\n\n\n<p>Beaucoup savent que la <strong>cha\u00eene du froid<\/strong> est un \u00e9l\u00e9ment essentiel pour garantir la qualit\u00e9 et la s\u00e9curit\u00e9 de nombreux produits alimentaires et pharmaceutiques.&nbsp;&nbsp;<\/p>\n\n\n\n<p>Mais de quoi s\u2019agit-il exactement\u202f? Comment la cha\u00eene du froid implique-t-elle directement des milliers d\u2019entrepreneurs dans des secteurs m\u00eame tr\u00e8s diff\u00e9rents les uns des autres\u202f?&nbsp;<\/p>\n\n\n\n<p>Dans cet article, nous d\u00e9couvrirons ce que c\u2019est, comment cela fonctionne et pourquoi il est essentiel de le respecter pour \u00e9viter les probl\u00e8mes de qualit\u00e9 et de s\u00e9curit\u00e9.&nbsp;<\/p>\n\n\n\n<h5 class=\"wp-block-heading\"><strong>Qu\u2019est-ce que la cha\u00eene du froid\u202f?\u00a0<\/strong><\/h5>\n\n\n\n<p>La cha\u00eene du froid est l\u2019ensemble des proc\u00e9dures qui garantissent qu\u2019un produit thermosensible, tel que des aliments surgel\u00e9s ou des m\u00e9dicaments, est maintenu en permanence \u00e0 une temp\u00e9rature contr\u00f4l\u00e9e tout au long de son parcours, de la production \u00e0 la vente.&nbsp;<\/p>\n\n\n\n<p>En pratique, il s\u2019agit d\u2019un \u00ab\u202ffil invisible\u202f\u00bb qui relie toutes les \u00e9tapes du transport et du stockage d\u2019un produit \u00e0 temp\u00e9rature contr\u00f4l\u00e9e.&nbsp;<\/p>\n\n\n\n<p>Par exemple, un aliment surgel\u00e9 doit \u00eatre conserv\u00e9 \u00e0 la temp\u00e9rature indiqu\u00e9e sur l\u2019\u00e9tiquette (g\u00e9n\u00e9ralement -18\u00b0C). Chaque \u00e9tape de la fili\u00e8re \u2013 de la production au camion frigorifique, en passant par l\u2019entrep\u00f4t et enfin le supermarch\u00e9 \u2013 doit maintenir cette temp\u00e9rature pour \u00e9viter d\u2019endommager le produit.&nbsp;<\/p>\n\n\n\n<h5 class=\"wp-block-heading\"><strong>Pourquoi est-ce si important\u202f?\u00a0<\/strong><\/h5>\n\n\n\n<p>Vous avez s\u00fbrement entendu parler de la n\u00e9cessit\u00e9 absolue de maintenir la cha\u00eene du froid. Et ce parce que ne pas rompre la cha\u00eene du froid est essentiel pour plusieurs raisons\u202f:&nbsp;<\/p>\n\n\n\n<ol start=\"1\" class=\"wp-block-list\">\n<li><strong>Qualit\u00e9 du produit<\/strong>\u202f: Lorsqu\u2019un produit subit des variations de temp\u00e9rature, sa qualit\u00e9 peut se d\u00e9t\u00e9riorer. Pensons \u00e0 la glace\u202f: si elle fond puis est recongel\u00e9e, des cristaux de glace se forment et alt\u00e8rent son go\u00fbt et sa texture.&nbsp;<\/li>\n<\/ol>\n\n\n\n<ol start=\"2\" class=\"wp-block-list\">\n<li><strong>S\u00e9curit\u00e9 alimentaire<\/strong>\u202f: Pour certains aliments, comme la viande ou le poisson, le non-respect de la cha\u00eene du froid peut entra\u00eener la prolif\u00e9ration de bact\u00e9ries. Cela compromet non seulement la qualit\u00e9, mais peut \u00e9galement pr\u00e9senter un risque pour la sant\u00e9.&nbsp;<\/li>\n<\/ol>\n\n\n\n<ol start=\"3\" class=\"wp-block-list\">\n<li><strong>R\u00e9glementations<\/strong>\u202f: La cha\u00eene du froid est r\u00e9glement\u00e9e par des normes pr\u00e9cises, telles que l\u2019ATP (Accord Transport P\u00e9rissable), qui d\u00e9finissent les exigences de temp\u00e9rature et les d\u00e9lais dans lesquels le produit doit \u00eatre ramen\u00e9 dans des conditions optimales.&nbsp;<\/li>\n<\/ol>\n\n\n\n<h5 class=\"wp-block-heading\"><strong>Comment fonctionne la cha\u00eene du froid\u202f?\u00a0<\/strong><\/h5>\n\n\n\n<p>Comme nous l\u2019avons vu, la cha\u00eene du froid est cet \u00e9quilibre pr\u00e9cieux de techniques et de technologies qui permet de maintenir la temp\u00e9rature d\u2019un produit constante tout au long de son voyage, de la production aux rayons des magasins.&nbsp;<\/p>\n\n\n\n<p>Son fonctionnement repose sur trois principes essentiels\u202f:&nbsp;<\/p>\n\n\n\n<ol start=\"1\" class=\"wp-block-list\">\n<li><strong>Constance de la temp\u00e9rature<\/strong>\u202f: Tout au long du parcours, de la production \u00e0 la vente, la temp\u00e9rature doit rester dans les limites fix\u00e9es. Par exemple, les crustac\u00e9s peuvent \u00eatre transport\u00e9s \u00e0 -14\u00b0C, mais pendant une courte p\u00e9riode, ils peuvent tol\u00e9rer une \u00e9l\u00e9vation jusqu\u2019\u00e0 -8\u00b0C, \u00e0 condition que cela ne dure pas plus de 15 minutes.&nbsp;<\/li>\n<\/ol>\n\n\n\n<ol start=\"2\" class=\"wp-block-list\">\n<li><strong>Suivi continu<\/strong>\u202f: Les moyens de transport, tels que les camions frigorifiques et les conteneurs isothermes, doivent \u00eatre \u00e9quip\u00e9s d\u2019instruments pour enregistrer la temp\u00e9rature. Ces donn\u00e9es permettent de v\u00e9rifier que le produit a \u00e9t\u00e9 conserv\u00e9 dans les conditions requises.&nbsp;<\/li>\n<\/ol>\n\n\n\n<ol start=\"3\" class=\"wp-block-list\">\n<li><strong>Restauration rapide<\/strong>\u202f: Si la temp\u00e9rature augmente l\u00e9g\u00e8rement (par exemple, lors de l\u2019ouverture des portes d\u2019un camion), les syst\u00e8mes de r\u00e9frig\u00e9ration doivent la ramener rapidement au bon niveau.&nbsp;<\/li>\n<\/ol>\n\n\n\n<p>Ces trois principes travaillent ensemble pour s\u2019assurer que les produits parviennent au consommateur dans des conditions optimales, dans le respect des r\u00e8gles d\u2019hygi\u00e8ne et de s\u00e9curit\u00e9.&nbsp;<\/p>\n\n\n\n<h5 class=\"wp-block-heading\"><strong>Lorsque la cha\u00eene du froid est rompue\u00a0<\/strong><\/h5>\n\n\n\n<p>Rompre la cha\u00eene du froid signifie exposer le produit \u00e0 des temp\u00e9ratures inappropri\u00e9es pendant une p\u00e9riode plus longue que celle autoris\u00e9e, mettant en danger son int\u00e9grit\u00e9 et sa s\u00e9curit\u00e9. Cela peut par exemple se produit lors des op\u00e9rations de chargement et de d\u00e9chargement, lorsque le produit reste trop longtemps hors du r\u00e9frig\u00e9rateur, ou m\u00eame simplement s\u2019il est laiss\u00e9 pendant quelques minutes sur une place chaude au soleil.&nbsp;<\/p>\n\n\n\n<p>Les cons\u00e9quences de ces ruptures peuvent \u00eatre d\u00e9vastatrices pour la qualit\u00e9 du produit. Pensons au poisson frais\u202f: un manque de r\u00e9frig\u00e9ration ou une interruption de la cha\u00eene du froid peut rapidement alt\u00e9rer ses propri\u00e9t\u00e9s organoleptiques et favoriser la formation d\u2019histamine, une substance qui peut provoquer des intoxications alimentaires. Non seulement cela affecte n\u00e9gativement le go\u00fbt et l\u2019odeur, mais cela met en danger la sant\u00e9 du consommateur.&nbsp;<\/p>\n\n\n\n<p>Et il ne s\u2019agit pas seulement de poisson frais\u202f: de nombreux autres aliments risquent des alt\u00e9rations qui peuvent affecter le go\u00fbt, les valeurs nutritionnelles et, dans certains cas, m\u00eame la s\u00e9curit\u00e9 alimentaire. Pour cette raison, maintenir une cha\u00eene du froid impeccable n\u2019est pas seulement une question technique, mais un engagement fondamental envers ceux qui choisissent nos produits en toute confiance.&nbsp;<\/p>\n\n\n\n<h5 class=\"wp-block-heading\"><strong>La cha\u00eene du froid dans les diff\u00e9rents secteurs\u00a0<\/strong><\/h5>\n\n\n\n<p>Que ce soit pour le stockage d&#8217;aliments, de produits pharmaceutiques ou de mat\u00e9riaux industriels, le maintien d&#8217;une temp\u00e9rature ad\u00e9quate est essentiel pour garantir la qualit\u00e9, la s\u00e9curit\u00e9 et l&#8217;efficacit\u00e9. Voyons comment la cha\u00eene du froid est mise en \u0153uvre dans diff\u00e9rents secteurs.<\/p>\n\n\n\n<h6 class=\"wp-block-heading\">Alimentation&nbsp;<\/h6>\n\n\n\n<p>La cha\u00eene du froid est essentielle pour pr\u00e9server la fra\u00eecheur, la s\u00e9curit\u00e9 et la qualit\u00e9 des aliments tels que la viande, le poisson, les produits laitiers et les produits surgel\u00e9s. Chaque aliment a des exigences de temp\u00e9rature sp\u00e9cifiques, indiqu\u00e9es sur les \u00e9tiquettes, qui doivent \u00eatre strictement respect\u00e9es pour \u00e9viter les risques pour la sant\u00e9 et les alt\u00e9rations du produit. Par exemple\u202f:&nbsp;<\/p>\n\n\n\n<ul class=\"wp-block-list\">\n<li>Viande congel\u00e9e\u202f: -12\u00b0C.&nbsp;<\/li>\n<\/ul>\n\n\n\n<ul class=\"wp-block-list\">\n<li>Poisson surgel\u00e9\u202f: -18\u00b0C.&nbsp;<\/li>\n<\/ul>\n\n\n\n<p>&nbsp;<br>M\u00eame de petites variations de temp\u00e9rature peuvent alt\u00e9rer le go\u00fbt, la texture et les valeurs nutritionnelles de ces aliments. Garantir le respect de la cha\u00eene du froid est donc un acte de responsabilit\u00e9 envers le consommateur.&nbsp;<\/p>\n\n\n\n<h6 class=\"wp-block-heading\">Pharmaceutique&nbsp;<\/h6>\n\n\n\n<p>Dans le secteur pharmaceutique \u00e9galement, la cha\u00eene du froid joue un r\u00f4le crucial. Les vaccins, les insulines et autres m\u00e9dicaments thermosensibles doivent \u00eatre conserv\u00e9s dans des plages de temp\u00e9rature extr\u00eamement pr\u00e9cises, souvent comprises entre 2\u00b0C et 8\u00b0C, afin de maintenir leur efficacit\u00e9. Une infime variation peut rendre un m\u00e9dicament inutilisable, et mettre en danger la sant\u00e9 des patients. La technologie de surveillance avanc\u00e9e et les syst\u00e8mes d\u2019alarme sont essentiels pour garantir que ces produits arrivent \u00e0 destination dans des conditions optimales.&nbsp;<\/p>\n\n\n\n<h6 class=\"wp-block-heading\">Industriel&nbsp;<\/h6>\n\n\n\n<p>M\u00eame dans le secteur industriel, certains mat\u00e9riaux et produits n\u00e9cessitent un transport \u00e0 temp\u00e9rature contr\u00f4l\u00e9e. Pensons par exemple aux r\u00e9sines, aux colles, aux substances chimiques ou aux produits \u00e9lectroniques sensibles \u00e0 la chaleur. Le contr\u00f4le de la temp\u00e9rature dans ce contexte n\u2019est pas seulement une question de qualit\u00e9, mais souvent de s\u00e9curit\u00e9, car certaines substances peuvent se d\u00e9t\u00e9riorer ou devenir instables si elles sont expos\u00e9es \u00e0 des conditions inappropri\u00e9es.&nbsp;<\/p>\n\n\n\n<h5 class=\"wp-block-heading\"><strong>Comment assurer le respect de la cha\u00eene du froid\u00a0<\/strong><\/h5>\n\n\n\n<p>Assurer le respect de la cha\u00eene du froid n\u2019est pas seulement une question de conformit\u00e9 aux normes, mais un engagement \u00e0 pr\u00e9server la qualit\u00e9, la s\u00e9curit\u00e9 et la confiance des consommateurs. Voici quelques actions fondamentales pour maintenir cet \u00e9quilibre d\u00e9licat impeccable\u202f:&nbsp;<\/p>\n\n\n\n<ol start=\"1\" class=\"wp-block-list\">\n<li><strong>Utiliser des \u00e9quipements certifi\u00e9s<\/strong>\u202f: Les camions frigorifiques et les conteneurs isothermes doivent \u00eatre conformes aux r\u00e9glementations en vigueur, telles que l\u2019ATP.&nbsp;<\/li>\n<\/ol>\n\n\n\n<ol start=\"2\" class=\"wp-block-list\">\n<li><strong>Surveiller la temp\u00e9rature<\/strong>\u202f: Les enregistreurs de temp\u00e9rature doivent \u00eatre certifi\u00e9s selon les normes EN 12830 et \u00e9talonn\u00e9s r\u00e9guli\u00e8rement.&nbsp;<\/li>\n<\/ol>\n\n\n\n<ol start=\"3\" class=\"wp-block-list\">\n<li><strong>\u00c9viter les chocs thermiques<\/strong>\u202f: Planifier soigneusement le chargement et le d\u00e9chargement pour minimiser le temps pendant lequel le produit est expos\u00e9 \u00e0 des temp\u00e9ratures ext\u00e9rieures.&nbsp;<\/li>\n<\/ol>\n\n\n\n<ol start=\"4\" class=\"wp-block-list\">\n<li><strong>Former le personnel<\/strong>\u202f: Tous les op\u00e9rateurs concern\u00e9s doivent \u00eatre conscients de l\u2019importance de la cha\u00eene du froid et des cons\u00e9quences de toute erreur.&nbsp;<\/li>\n<\/ol>\n\n\n\n<p>Si vous avez des doutes sur le respect de la cha\u00eene du froid ou si vous souhaitez v\u00e9rifier que vos processus sont conformes aux r\u00e9glementations et normes de qualit\u00e9, vous pouvez tranquillement contacter l\u2019\u00e9quipe d\u2019ES Frigo\u202f!&nbsp;<\/p>\n\n\n\n<p>Nous sommes \u00e0 votre disposition pour vous offrir des conseils sans engagement et vous garantir des solutions sur mesure \u2013 <a href=\"https:\/\/www.esfrigo.it\/contatti\/\" target=\"_blank\" rel=\"noreferrer noopener\">Contactez-nous d\u00e8s maintenant\u202f!<\/a>&nbsp;<\/p>\n\n\n\n<p><strong>&#8211;<\/strong>&nbsp;<\/p>\n\n\n\n<p>La cha\u00eene du froid est un syst\u00e8me complexe, mais essentiel, pour garantir la qualit\u00e9 et la s\u00e9curit\u00e9 des aliments et des m\u00e9dicaments thermosensibles. Elle respecte des r\u00e9glementations strictes et n\u00e9cessite un \u00e9quipement sp\u00e9cifique, une surveillance constante et une attention aux d\u00e9tails.&nbsp;<\/p>\n\n\n\n<p>Si vous avez besoin d\u2019aide pour mieux g\u00e9rer la cha\u00eene du froid dans votre entreprise, <strong>ES Frigo<\/strong> peut vous aider\u202f!&nbsp;<\/p>\n","protected":false},"excerpt":{"rendered":"<p>La cha\u00eene du froid\u202f: qu\u2019est-ce que c\u2019est et pourquoi elle est important\u00a0 Beaucoup savent que la cha\u00eene du froid est un \u00e9l\u00e9ment essentiel pour garantir la qualit\u00e9 et la s\u00e9curit\u00e9 de nombreux produits alimentaires et pharmaceutiques.&nbsp;&nbsp; Mais de quoi s\u2019agit-il exactement\u202f? Comment la cha\u00eene du froid implique-t-elle directement des milliers d\u2019entrepreneurs dans des secteurs m\u00eame [&hellip;]<\/p>\n","protected":false},"author":1,"featured_media":2601,"comment_status":"closed","ping_status":"closed","sticky":false,"template":"","format":"standard","meta":{"_acf_changed":false,"inline_featured_image":false,"_joinchat":[],"footnotes":""},"categories":[52],"tags":[76,85,78,86],"class_list":["post-2842","post","type-post","status-publish","format-standard","has-post-thumbnail","hentry","category-news-fr","tag-chaine-du-froid","tag-logistique-du-froid","tag-transport-sous-temperature-dirigee","tag-vehicules-isothermes"],"acf":[],"yoast_head":"<!-- This site is optimized with the Yoast SEO plugin v25.5 - https:\/\/yoast.com\/wordpress\/plugins\/seo\/ -->\n<title>La cha\u00eene du froid : qu&#039;est-ce que c&#039;est et pourquoi est-ce important ? | ES Frigo<\/title>\n<meta name=\"description\" content=\"Apprenez ce qu&#039;est la cha\u00eene du froid, l&#039;importance de la s\u00e9curit\u00e9 alimentaire et comment la maintenir efficace lors du transport et du stockage.\" \/>\n<meta name=\"robots\" content=\"index, follow, max-snippet:-1, max-image-preview:large, max-video-preview:-1\" \/>\n<link rel=\"canonical\" href=\"https:\/\/www.esfrigo.it\/fr\/chaine-du-froid\/\" \/>\n<meta property=\"og:locale\" content=\"fr_FR\" \/>\n<meta property=\"og:type\" content=\"article\" \/>\n<meta property=\"og:title\" content=\"La cha\u00eene du froid : qu&#039;est-ce que c&#039;est et pourquoi est-ce important ? | ES Frigo\" \/>\n<meta property=\"og:description\" content=\"Apprenez ce qu&#039;est la cha\u00eene du froid, l&#039;importance de la s\u00e9curit\u00e9 alimentaire et comment la maintenir efficace lors du transport et du stockage.\" \/>\n<meta property=\"og:url\" content=\"https:\/\/www.esfrigo.it\/fr\/chaine-du-froid\/\" \/>\n<meta property=\"og:site_name\" content=\"esfrigo\" \/>\n<meta property=\"article:published_time\" content=\"2025-02-15T13:18:26+00:00\" \/>\n<meta property=\"article:modified_time\" content=\"2025-07-02T12:39:47+00:00\" \/>\n<meta property=\"og:image\" content=\"https:\/\/www.esfrigo.it\/wp-content\/uploads\/2025\/02\/Copertina-articolo-ES-Frigo-2.jpg\" \/>\n\t<meta property=\"og:image:width\" content=\"1968\" \/>\n\t<meta property=\"og:image:height\" content=\"840\" \/>\n\t<meta property=\"og:image:type\" content=\"image\/jpeg\" \/>\n<meta name=\"author\" content=\"deK4gd\" \/>\n<meta name=\"twitter:card\" content=\"summary_large_image\" \/>\n<meta name=\"twitter:label1\" content=\"Written by\" \/>\n\t<meta name=\"twitter:data1\" content=\"deK4gd\" \/>\n\t<meta name=\"twitter:label2\" content=\"Est. reading time\" \/>\n\t<meta name=\"twitter:data2\" content=\"8 minutes\" \/>\n<script type=\"application\/ld+json\" class=\"yoast-schema-graph\">{\"@context\":\"https:\/\/schema.org\",\"@graph\":[{\"@type\":\"Article\",\"@id\":\"https:\/\/www.esfrigo.it\/fr\/chaine-du-froid\/#article\",\"isPartOf\":{\"@id\":\"https:\/\/www.esfrigo.it\/fr\/chaine-du-froid\/\"},\"author\":{\"name\":\"deK4gd\",\"@id\":\"https:\/\/www.esfrigo.it\/fr\/#\/schema\/person\/897c5cee3b730c832e3b71122b0f1c60\"},\"headline\":\"La cha\u00eene du froid\u202f: qu\u2019est-ce que c\u2019est et pourquoi elle est important\",\"datePublished\":\"2025-02-15T13:18:26+00:00\",\"dateModified\":\"2025-07-02T12:39:47+00:00\",\"mainEntityOfPage\":{\"@id\":\"https:\/\/www.esfrigo.it\/fr\/chaine-du-froid\/\"},\"wordCount\":1582,\"publisher\":{\"@id\":\"https:\/\/www.esfrigo.it\/fr\/#organization\"},\"image\":{\"@id\":\"https:\/\/www.esfrigo.it\/fr\/chaine-du-froid\/#primaryimage\"},\"thumbnailUrl\":\"https:\/\/www.esfrigo.it\/wp-content\/uploads\/2025\/02\/Copertina-articolo-ES-Frigo-2.jpg\",\"keywords\":[\"Cha\u00eene du froid\",\"Logistique du froid\",\"Transport sous temp\u00e9rature dirig\u00e9e\",\"V\u00e9hicules isothermes\"],\"articleSection\":[\"news\"],\"inLanguage\":\"fr-FR\"},{\"@type\":\"WebPage\",\"@id\":\"https:\/\/www.esfrigo.it\/fr\/chaine-du-froid\/\",\"url\":\"https:\/\/www.esfrigo.it\/fr\/chaine-du-froid\/\",\"name\":\"La cha\u00eene du froid : qu'est-ce que c'est et pourquoi est-ce important ? | ES Frigo\",\"isPartOf\":{\"@id\":\"https:\/\/www.esfrigo.it\/fr\/#website\"},\"primaryImageOfPage\":{\"@id\":\"https:\/\/www.esfrigo.it\/fr\/chaine-du-froid\/#primaryimage\"},\"image\":{\"@id\":\"https:\/\/www.esfrigo.it\/fr\/chaine-du-froid\/#primaryimage\"},\"thumbnailUrl\":\"https:\/\/www.esfrigo.it\/wp-content\/uploads\/2025\/02\/Copertina-articolo-ES-Frigo-2.jpg\",\"datePublished\":\"2025-02-15T13:18:26+00:00\",\"dateModified\":\"2025-07-02T12:39:47+00:00\",\"description\":\"Apprenez ce qu'est la cha\u00eene du froid, l'importance de la s\u00e9curit\u00e9 alimentaire et comment la maintenir efficace lors du transport et du stockage.\",\"breadcrumb\":{\"@id\":\"https:\/\/www.esfrigo.it\/fr\/chaine-du-froid\/#breadcrumb\"},\"inLanguage\":\"fr-FR\",\"potentialAction\":[{\"@type\":\"ReadAction\",\"target\":[\"https:\/\/www.esfrigo.it\/fr\/chaine-du-froid\/\"]}]},{\"@type\":\"ImageObject\",\"inLanguage\":\"fr-FR\",\"@id\":\"https:\/\/www.esfrigo.it\/fr\/chaine-du-froid\/#primaryimage\",\"url\":\"https:\/\/www.esfrigo.it\/wp-content\/uploads\/2025\/02\/Copertina-articolo-ES-Frigo-2.jpg\",\"contentUrl\":\"https:\/\/www.esfrigo.it\/wp-content\/uploads\/2025\/02\/Copertina-articolo-ES-Frigo-2.jpg\",\"width\":1968,\"height\":840,\"caption\":\"catena del freddo, catena freddo, trasporto refrigerato, trasporto alimenti\"},{\"@type\":\"BreadcrumbList\",\"@id\":\"https:\/\/www.esfrigo.it\/fr\/chaine-du-froid\/#breadcrumb\",\"itemListElement\":[{\"@type\":\"ListItem\",\"position\":1,\"name\":\"Home\",\"item\":\"https:\/\/www.esfrigo.it\/fr\/\"},{\"@type\":\"ListItem\",\"position\":2,\"name\":\"La cha\u00eene du froid\u202f: qu\u2019est-ce que c\u2019est et pourquoi elle est important\"}]},{\"@type\":\"WebSite\",\"@id\":\"https:\/\/www.esfrigo.it\/fr\/#website\",\"url\":\"https:\/\/www.esfrigo.it\/fr\/\",\"name\":\"esfrigo\",\"description\":\"\",\"publisher\":{\"@id\":\"https:\/\/www.esfrigo.it\/fr\/#organization\"},\"potentialAction\":[{\"@type\":\"SearchAction\",\"target\":{\"@type\":\"EntryPoint\",\"urlTemplate\":\"https:\/\/www.esfrigo.it\/fr\/?s={search_term_string}\"},\"query-input\":{\"@type\":\"PropertyValueSpecification\",\"valueRequired\":true,\"valueName\":\"search_term_string\"}}],\"inLanguage\":\"fr-FR\"},{\"@type\":\"Organization\",\"@id\":\"https:\/\/www.esfrigo.it\/fr\/#organization\",\"name\":\"esfrigo\",\"url\":\"https:\/\/www.esfrigo.it\/fr\/\",\"logo\":{\"@type\":\"ImageObject\",\"inLanguage\":\"fr-FR\",\"@id\":\"https:\/\/www.esfrigo.it\/fr\/#\/schema\/logo\/image\/\",\"url\":\"https:\/\/www.esfrigo.it\/wp-content\/uploads\/2024\/10\/Logo-Positivo-2.png\",\"contentUrl\":\"https:\/\/www.esfrigo.it\/wp-content\/uploads\/2024\/10\/Logo-Positivo-2.png\",\"width\":173,\"height\":60,\"caption\":\"esfrigo\"},\"image\":{\"@id\":\"https:\/\/www.esfrigo.it\/fr\/#\/schema\/logo\/image\/\"}},{\"@type\":\"Person\",\"@id\":\"https:\/\/www.esfrigo.it\/fr\/#\/schema\/person\/897c5cee3b730c832e3b71122b0f1c60\",\"name\":\"deK4gd\",\"image\":{\"@type\":\"ImageObject\",\"inLanguage\":\"fr-FR\",\"@id\":\"https:\/\/www.esfrigo.it\/fr\/#\/schema\/person\/image\/\",\"url\":\"https:\/\/secure.gravatar.com\/avatar\/1ddd37a07d8c2ba0cbbb7ea5cb0caf64?s=96&d=mm&r=g\",\"contentUrl\":\"https:\/\/secure.gravatar.com\/avatar\/1ddd37a07d8c2ba0cbbb7ea5cb0caf64?s=96&d=mm&r=g\",\"caption\":\"deK4gd\"},\"sameAs\":[\"https:\/\/www.esfrigo.it\"],\"url\":\"https:\/\/www.esfrigo.it\/fr\/author\/dek4gd\/\"}]}<\/script>\n<!-- \/ Yoast SEO plugin. -->","yoast_head_json":{"title":"La cha\u00eene du froid : qu'est-ce que c'est et pourquoi est-ce important ? | ES Frigo","description":"Apprenez ce qu'est la cha\u00eene du froid, l'importance de la s\u00e9curit\u00e9 alimentaire et comment la maintenir efficace lors du transport et du stockage.","robots":{"index":"index","follow":"follow","max-snippet":"max-snippet:-1","max-image-preview":"max-image-preview:large","max-video-preview":"max-video-preview:-1"},"canonical":"https:\/\/www.esfrigo.it\/fr\/chaine-du-froid\/","og_locale":"fr_FR","og_type":"article","og_title":"La cha\u00eene du froid : qu'est-ce que c'est et pourquoi est-ce important ? | ES Frigo","og_description":"Apprenez ce qu'est la cha\u00eene du froid, l'importance de la s\u00e9curit\u00e9 alimentaire et comment la maintenir efficace lors du transport et du stockage.","og_url":"https:\/\/www.esfrigo.it\/fr\/chaine-du-froid\/","og_site_name":"esfrigo","article_published_time":"2025-02-15T13:18:26+00:00","article_modified_time":"2025-07-02T12:39:47+00:00","og_image":[{"width":1968,"height":840,"url":"https:\/\/www.esfrigo.it\/wp-content\/uploads\/2025\/02\/Copertina-articolo-ES-Frigo-2.jpg","type":"image\/jpeg"}],"author":"deK4gd","twitter_card":"summary_large_image","twitter_misc":{"Written by":"deK4gd","Est. reading time":"8 minutes"},"schema":{"@context":"https:\/\/schema.org","@graph":[{"@type":"Article","@id":"https:\/\/www.esfrigo.it\/fr\/chaine-du-froid\/#article","isPartOf":{"@id":"https:\/\/www.esfrigo.it\/fr\/chaine-du-froid\/"},"author":{"name":"deK4gd","@id":"https:\/\/www.esfrigo.it\/fr\/#\/schema\/person\/897c5cee3b730c832e3b71122b0f1c60"},"headline":"La cha\u00eene du froid\u202f: qu\u2019est-ce que c\u2019est et pourquoi elle est important","datePublished":"2025-02-15T13:18:26+00:00","dateModified":"2025-07-02T12:39:47+00:00","mainEntityOfPage":{"@id":"https:\/\/www.esfrigo.it\/fr\/chaine-du-froid\/"},"wordCount":1582,"publisher":{"@id":"https:\/\/www.esfrigo.it\/fr\/#organization"},"image":{"@id":"https:\/\/www.esfrigo.it\/fr\/chaine-du-froid\/#primaryimage"},"thumbnailUrl":"https:\/\/www.esfrigo.it\/wp-content\/uploads\/2025\/02\/Copertina-articolo-ES-Frigo-2.jpg","keywords":["Cha\u00eene du froid","Logistique du froid","Transport sous temp\u00e9rature dirig\u00e9e","V\u00e9hicules isothermes"],"articleSection":["news"],"inLanguage":"fr-FR"},{"@type":"WebPage","@id":"https:\/\/www.esfrigo.it\/fr\/chaine-du-froid\/","url":"https:\/\/www.esfrigo.it\/fr\/chaine-du-froid\/","name":"La cha\u00eene du froid : qu'est-ce que c'est et pourquoi est-ce important ? | ES Frigo","isPartOf":{"@id":"https:\/\/www.esfrigo.it\/fr\/#website"},"primaryImageOfPage":{"@id":"https:\/\/www.esfrigo.it\/fr\/chaine-du-froid\/#primaryimage"},"image":{"@id":"https:\/\/www.esfrigo.it\/fr\/chaine-du-froid\/#primaryimage"},"thumbnailUrl":"https:\/\/www.esfrigo.it\/wp-content\/uploads\/2025\/02\/Copertina-articolo-ES-Frigo-2.jpg","datePublished":"2025-02-15T13:18:26+00:00","dateModified":"2025-07-02T12:39:47+00:00","description":"Apprenez ce qu'est la cha\u00eene du froid, l'importance de la s\u00e9curit\u00e9 alimentaire et comment la maintenir efficace lors du transport et du stockage.","breadcrumb":{"@id":"https:\/\/www.esfrigo.it\/fr\/chaine-du-froid\/#breadcrumb"},"inLanguage":"fr-FR","potentialAction":[{"@type":"ReadAction","target":["https:\/\/www.esfrigo.it\/fr\/chaine-du-froid\/"]}]},{"@type":"ImageObject","inLanguage":"fr-FR","@id":"https:\/\/www.esfrigo.it\/fr\/chaine-du-froid\/#primaryimage","url":"https:\/\/www.esfrigo.it\/wp-content\/uploads\/2025\/02\/Copertina-articolo-ES-Frigo-2.jpg","contentUrl":"https:\/\/www.esfrigo.it\/wp-content\/uploads\/2025\/02\/Copertina-articolo-ES-Frigo-2.jpg","width":1968,"height":840,"caption":"catena del freddo, catena freddo, trasporto refrigerato, trasporto alimenti"},{"@type":"BreadcrumbList","@id":"https:\/\/www.esfrigo.it\/fr\/chaine-du-froid\/#breadcrumb","itemListElement":[{"@type":"ListItem","position":1,"name":"Home","item":"https:\/\/www.esfrigo.it\/fr\/"},{"@type":"ListItem","position":2,"name":"La cha\u00eene du froid\u202f: qu\u2019est-ce que c\u2019est et pourquoi elle est important"}]},{"@type":"WebSite","@id":"https:\/\/www.esfrigo.it\/fr\/#website","url":"https:\/\/www.esfrigo.it\/fr\/","name":"esfrigo","description":"","publisher":{"@id":"https:\/\/www.esfrigo.it\/fr\/#organization"},"potentialAction":[{"@type":"SearchAction","target":{"@type":"EntryPoint","urlTemplate":"https:\/\/www.esfrigo.it\/fr\/?s={search_term_string}"},"query-input":{"@type":"PropertyValueSpecification","valueRequired":true,"valueName":"search_term_string"}}],"inLanguage":"fr-FR"},{"@type":"Organization","@id":"https:\/\/www.esfrigo.it\/fr\/#organization","name":"esfrigo","url":"https:\/\/www.esfrigo.it\/fr\/","logo":{"@type":"ImageObject","inLanguage":"fr-FR","@id":"https:\/\/www.esfrigo.it\/fr\/#\/schema\/logo\/image\/","url":"https:\/\/www.esfrigo.it\/wp-content\/uploads\/2024\/10\/Logo-Positivo-2.png","contentUrl":"https:\/\/www.esfrigo.it\/wp-content\/uploads\/2024\/10\/Logo-Positivo-2.png","width":173,"height":60,"caption":"esfrigo"},"image":{"@id":"https:\/\/www.esfrigo.it\/fr\/#\/schema\/logo\/image\/"}},{"@type":"Person","@id":"https:\/\/www.esfrigo.it\/fr\/#\/schema\/person\/897c5cee3b730c832e3b71122b0f1c60","name":"deK4gd","image":{"@type":"ImageObject","inLanguage":"fr-FR","@id":"https:\/\/www.esfrigo.it\/fr\/#\/schema\/person\/image\/","url":"https:\/\/secure.gravatar.com\/avatar\/1ddd37a07d8c2ba0cbbb7ea5cb0caf64?s=96&d=mm&r=g","contentUrl":"https:\/\/secure.gravatar.com\/avatar\/1ddd37a07d8c2ba0cbbb7ea5cb0caf64?s=96&d=mm&r=g","caption":"deK4gd"},"sameAs":["https:\/\/www.esfrigo.it"],"url":"https:\/\/www.esfrigo.it\/fr\/author\/dek4gd\/"}]}},"_links":{"self":[{"href":"https:\/\/www.esfrigo.it\/fr\/wp-json\/wp\/v2\/posts\/2842","targetHints":{"allow":["GET"]}}],"collection":[{"href":"https:\/\/www.esfrigo.it\/fr\/wp-json\/wp\/v2\/posts"}],"about":[{"href":"https:\/\/www.esfrigo.it\/fr\/wp-json\/wp\/v2\/types\/post"}],"author":[{"embeddable":true,"href":"https:\/\/www.esfrigo.it\/fr\/wp-json\/wp\/v2\/users\/1"}],"replies":[{"embeddable":true,"href":"https:\/\/www.esfrigo.it\/fr\/wp-json\/wp\/v2\/comments?post=2842"}],"version-history":[{"count":4,"href":"https:\/\/www.esfrigo.it\/fr\/wp-json\/wp\/v2\/posts\/2842\/revisions"}],"predecessor-version":[{"id":2885,"href":"https:\/\/www.esfrigo.it\/fr\/wp-json\/wp\/v2\/posts\/2842\/revisions\/2885"}],"wp:featuredmedia":[{"embeddable":true,"href":"https:\/\/www.esfrigo.it\/fr\/wp-json\/wp\/v2\/media\/2601"}],"wp:attachment":[{"href":"https:\/\/www.esfrigo.it\/fr\/wp-json\/wp\/v2\/media?parent=2842"}],"wp:term":[{"taxonomy":"category","embeddable":true,"href":"https:\/\/www.esfrigo.it\/fr\/wp-json\/wp\/v2\/categories?post=2842"},{"taxonomy":"post_tag","embeddable":true,"href":"https:\/\/www.esfrigo.it\/fr\/wp-json\/wp\/v2\/tags?post=2842"}],"curies":[{"name":"wp","href":"https:\/\/api.w.org\/{rel}","templated":true}]}}