



{"id":2204,"date":"2024-09-27T17:19:33","date_gmt":"2024-09-27T15:19:33","guid":{"rendered":"https:\/\/www.esfrigo.it\/es-frigo-per-museo-maxxi-ghiaccio-al-museo\/"},"modified":"2025-07-08T15:29:48","modified_gmt":"2025-07-08T13:29:48","slug":"es-frigo-pour-le-musee-maxxi-glace-au-musee","status":"publish","type":"post","link":"https:\/\/www.esfrigo.it\/fr\/es-frigo-pour-le-musee-maxxi-glace-au-musee\/","title":{"rendered":"ES Frigo pour le Mus\u00e9e MAXXI : Glace au Mus\u00e9e?"},"content":{"rendered":"\n<div style=\"height:20px\" aria-hidden=\"true\" class=\"wp-block-spacer\"><\/div>\n\n\n\n<h2 class=\"wp-block-heading\"><strong>ES Frigo pour le Mus\u00e9e MAXXI : Glace au Mus\u00e9e?<\/strong><\/h2>\n\n\n\n<h5 class=\"wp-block-heading\"><strong><strong>Comment nous avons cr\u00e9\u00e9 une installation entre Art et Technologie<\/strong><\/strong><\/h5>\n\n\n\n<p>Imaginez que vous entrez dans une pi\u00e8ce tr\u00e8s froide, dont le plafond et les murs sont recouverts d&#8217;une \u00e9paisse couche de glace. Il ne s&#8217;agit pas d&#8217;une reconstruction artificielle, mais d&#8217;une v\u00e9ritable glace qui se forme et se maintient en permanence au c\u0153ur de l&#8217;un des mus\u00e9es les plus importants d&#8217;Italie.<\/p>\n\n\n\n<p>C&#8217;est exactement le projet qu&#8217;ES Frigo a r\u00e9alis\u00e9 en collaboration avec le Mus\u00e9e MAXXI de Rome, dans le cadre de l&#8217;exposition \u00ab Sensazioni in Ambiente \u00bb. Un d\u00e9fi ambitieux qui ne peut \u00eatre relev\u00e9 que par des solutions uniques et originales.<\/p>\n\n\n\n<h5 class=\"wp-block-heading\"><strong><strong>Le d\u00e9fi du Mus\u00e9e MAXXI<\/strong><\/strong><\/h5>\n\n\n\n<p>Lorsque le Mus\u00e9e MAXXI a contact\u00e9 ES Frigo, la demande \u00e9tait aussi fascinante que complexe : cr\u00e9er un environnement qui recr\u00e9erait de la glace sur le plafond et une partie des murs d&#8217;une pi\u00e8ce de 6 m\u00e8tres sur 4. L&#8217;\u0153uvre devait rester expos\u00e9e pendant 6 mois, donnant aux visiteurs l&#8217;impression d&#8217;\u00eatre \u00e0 l&#8217;int\u00e9rieur d&#8217;une v\u00e9ritable chambre de glace.<\/p>\n\n\n\n<p>Mais les d\u00e9fis techniques \u00e9taient nombreux : il s&#8217;agit d&#8217;un espace non isol\u00e9, avec des murs en placopl\u00e2tre, dans un grand espace ouvert, et avec des visiteurs qui entrent et sortent, apportant leur chaleur corporelle et perturbant l&#8217;\u00e9quilibre thermique d\u00e9licat. Comme si cela ne suffisait pas, l&#8217;artiste a souhait\u00e9 que tout l&#8217;\u00e9quipement de r\u00e9frig\u00e9ration se trouve directement \u00e0 l&#8217;int\u00e9rieur de l&#8217;\u0153uvre elle-m\u00eame, de mani\u00e8re \u00e0 accentuer le bruit des machines. Un v\u00e9ritable test de r\u00e9sistance.<\/p>\n\n\n\n<h5 class=\"wp-block-heading\"><strong><strong>Probl\u00e8mes complexes, solutions innovantes<\/strong><\/strong><\/h5>\n\n\n\n<p>Nous avons \u00e9t\u00e9 confront\u00e9s \u00e0 un certain nombre d&#8217;obstacles techniques qui en auraient d\u00e9courag\u00e9 plus d&#8217;un. Comment conserver la glace sans qu&#8217;elle ne fonde sur des surfaces non con\u00e7ues pour r\u00e9sister au froid? Comment contrer la chaleur g\u00e9n\u00e9r\u00e9e par les personnes et m\u00eame par les machines n\u00e9cessaires \u00e0 la r\u00e9frig\u00e9ration ? La r\u00e9ponse a \u00e9t\u00e9 de trouver une solution unique, un syst\u00e8me de double condensation.<\/p>\n\n\n\n<h5 class=\"wp-block-heading\"><strong><strong>Le double condenseur : comment maintenir la glace dans un environnement ouvert<\/strong><\/strong><\/h5>\n\n\n\n<p>La cl\u00e9 du succ\u00e8s a \u00e9t\u00e9 l&#8217;installation d&#8217;un double condenseur, un \u00e9l\u00e9ment essentiel pour r\u00e9pondre \u00e0 toutes les exigences. ES Frigo a install\u00e9 un condenseur interne, capable de s&#8217;int\u00e9grer parfaitement \u00e0 l&#8217;environnement de l&#8217;\u0153uvre selon les exigences esth\u00e9tiques de l&#8217;artiste, et un condenseur externe, con\u00e7u pour assurer le refroidissement proprement dit. Alors que le condenseur interne contribuait \u00e0 cr\u00e9er l&#8217;effet auditif souhait\u00e9, le condenseur externe garantissait que la temp\u00e9rature ambiante restait constamment en dessous de z\u00e9ro.<\/p>\n\n\n\n<p>Il a ainsi \u00e9t\u00e9 possible de cr\u00e9er un microclimat permettant \u00e0 la glace de se former et de rester stable, sans compromettre la structure du placopl\u00e2tre et en pr\u00e9servant la s\u00e9curit\u00e9 de la salle pour les milliers de visiteurs qui se sont immerg\u00e9s dans l&#8217;\u0153uvre pendant des mois.<\/p>\n\n\n\n<h5 class=\"wp-block-heading\"><strong><strong>Une installation qui fait froid dans le dos\u202f: la chambre gel\u00e9e qui a fait sensation<\/strong><\/strong><\/h5>\n\n\n\n<p>Le r\u00e9sultat a \u00e9t\u00e9 extraordinaire : une salle compl\u00e8tement gel\u00e9e, capable de susciter \u00e9tonnement et \u00e9merveillement parmi les visiteurs du Mus\u00e9e MAXXI. Pendant six mois, la glace a r\u00e9sist\u00e9 sans fondre. Mais la r\u00e9ussite du projet n&#8217;a pas \u00e9t\u00e9 seulement technique : la plus grande satisfaction a \u00e9t\u00e9 de r\u00e9pondre avec pr\u00e9cision et ponctualit\u00e9 \u00e0 toutes les demandes de l&#8217;artiste, sans compromis, en adaptant la technologie \u00e0 une \u0153uvre qui n\u00e9cessitait une touche esth\u00e9tique tr\u00e8s d\u00e9licate.<\/p>\n\n\n\n<h5 class=\"wp-block-heading\"><strong><strong>ES Frigo : de la cha\u00eene du froid \u00e0 l&#8217;art contemporain<\/strong>\u00a0<\/strong><\/h5>\n\n\n\n<p>Cette histoire repr\u00e9sente parfaitement l&#8217;esprit d&#8217;ES Frigo : la capacit\u00e9 \u00e0 r\u00e9soudre des probl\u00e8mes complexes, \u00e0 sortir des sentiers battus et \u00e0 s&#8217;adapter aux demandes les plus particuli\u00e8res, en proposant des solutions innovantes.<\/p>\n\n\n\n<p>Cette installation est la preuve tangible que m\u00eame le secteur de la r\u00e9frig\u00e9ration peut devenir un terrain fertile pour l&#8217;art et la cr\u00e9ativit\u00e9, et que nous sommes capables d&#8217;apporter innovation et fiabilit\u00e9 partout o\u00f9 il y a un besoin de conserver le froid, m\u00eame lorsque ce besoin est&#8230; artistique.<\/p>\n","protected":false},"excerpt":{"rendered":"<p>ES Frigo pour le Mus\u00e9e MAXXI : Glace au Mus\u00e9e? Comment nous avons cr\u00e9\u00e9 une installation entre Art et Technologie Imaginez que vous entrez dans une pi\u00e8ce tr\u00e8s froide, dont le plafond et les murs sont recouverts d&#8217;une \u00e9paisse couche de glace. Il ne s&#8217;agit pas d&#8217;une reconstruction artificielle, mais d&#8217;une v\u00e9ritable glace qui se [&hellip;]<\/p>\n","protected":false},"author":1,"featured_media":2205,"comment_status":"closed","ping_status":"open","sticky":false,"template":"","format":"standard","meta":{"_acf_changed":false,"inline_featured_image":false,"_joinchat":[],"footnotes":""},"categories":[52],"tags":[104,93,94,97],"class_list":["post-2204","post","type-post","status-publish","format-standard","has-post-thumbnail","hentry","category-news-fr","tag-case-study-3","tag-gestion-de-la-temperature","tag-solutions-sur-mesure","tag-systemes-de-refrigeration"],"acf":[],"yoast_head":"<!-- This site is optimized with the Yoast SEO plugin v25.5 - https:\/\/yoast.com\/wordpress\/plugins\/seo\/ -->\n<title>ES Frigo pour le Mus\u00e9e MAXXI : Glace au Mus\u00e9e? - esfrigo<\/title>\n<meta name=\"robots\" content=\"index, follow, max-snippet:-1, max-image-preview:large, max-video-preview:-1\" \/>\n<link rel=\"canonical\" href=\"https:\/\/www.esfrigo.it\/fr\/es-frigo-pour-le-musee-maxxi-glace-au-musee\/\" \/>\n<meta property=\"og:locale\" content=\"fr_FR\" \/>\n<meta property=\"og:type\" content=\"article\" \/>\n<meta property=\"og:title\" content=\"ES Frigo pour le Mus\u00e9e MAXXI : Glace au Mus\u00e9e? - esfrigo\" \/>\n<meta property=\"og:description\" content=\"ES Frigo pour le Mus\u00e9e MAXXI : Glace au Mus\u00e9e? Comment nous avons cr\u00e9\u00e9 une installation entre Art et Technologie Imaginez que vous entrez dans une pi\u00e8ce tr\u00e8s froide, dont le plafond et les murs sont recouverts d&#8217;une \u00e9paisse couche de glace. Il ne s&#8217;agit pas d&#8217;une reconstruction artificielle, mais d&#8217;une v\u00e9ritable glace qui se [&hellip;]\" \/>\n<meta property=\"og:url\" content=\"https:\/\/www.esfrigo.it\/fr\/es-frigo-pour-le-musee-maxxi-glace-au-musee\/\" \/>\n<meta property=\"og:site_name\" content=\"esfrigo\" \/>\n<meta property=\"article:published_time\" content=\"2024-09-27T15:19:33+00:00\" \/>\n<meta property=\"article:modified_time\" content=\"2025-07-08T13:29:48+00:00\" \/>\n<meta property=\"og:image\" content=\"https:\/\/www.esfrigo.it\/wp-content\/uploads\/2024\/09\/News-1.jpg\" \/>\n\t<meta property=\"og:image:width\" content=\"1968\" \/>\n\t<meta property=\"og:image:height\" content=\"840\" \/>\n\t<meta property=\"og:image:type\" content=\"image\/jpeg\" \/>\n<meta name=\"author\" content=\"deK4gd\" \/>\n<meta name=\"twitter:card\" content=\"summary_large_image\" \/>\n<meta name=\"twitter:label1\" content=\"Written by\" \/>\n\t<meta name=\"twitter:data1\" content=\"deK4gd\" \/>\n\t<meta name=\"twitter:label2\" content=\"Est. reading time\" \/>\n\t<meta name=\"twitter:data2\" content=\"4 minutes\" \/>\n<script type=\"application\/ld+json\" class=\"yoast-schema-graph\">{\"@context\":\"https:\/\/schema.org\",\"@graph\":[{\"@type\":\"Article\",\"@id\":\"https:\/\/www.esfrigo.it\/fr\/es-frigo-pour-le-musee-maxxi-glace-au-musee\/#article\",\"isPartOf\":{\"@id\":\"https:\/\/www.esfrigo.it\/fr\/es-frigo-pour-le-musee-maxxi-glace-au-musee\/\"},\"author\":{\"name\":\"deK4gd\",\"@id\":\"https:\/\/www.esfrigo.it\/fr\/#\/schema\/person\/897c5cee3b730c832e3b71122b0f1c60\"},\"headline\":\"ES Frigo pour le Mus\u00e9e MAXXI : Glace au Mus\u00e9e?\",\"datePublished\":\"2024-09-27T15:19:33+00:00\",\"dateModified\":\"2025-07-08T13:29:48+00:00\",\"mainEntityOfPage\":{\"@id\":\"https:\/\/www.esfrigo.it\/fr\/es-frigo-pour-le-musee-maxxi-glace-au-musee\/\"},\"wordCount\":743,\"publisher\":{\"@id\":\"https:\/\/www.esfrigo.it\/fr\/#organization\"},\"image\":{\"@id\":\"https:\/\/www.esfrigo.it\/fr\/es-frigo-pour-le-musee-maxxi-glace-au-musee\/#primaryimage\"},\"thumbnailUrl\":\"https:\/\/www.esfrigo.it\/wp-content\/uploads\/2024\/09\/News-1.jpg\",\"keywords\":[\"Case study\",\"Gestion de la temp\u00e9rature\",\"Solutions sur mesure\",\"Syst\u00e8mes de r\u00e9frig\u00e9ration\"],\"articleSection\":[\"news\"],\"inLanguage\":\"fr-FR\"},{\"@type\":\"WebPage\",\"@id\":\"https:\/\/www.esfrigo.it\/fr\/es-frigo-pour-le-musee-maxxi-glace-au-musee\/\",\"url\":\"https:\/\/www.esfrigo.it\/fr\/es-frigo-pour-le-musee-maxxi-glace-au-musee\/\",\"name\":\"ES Frigo pour le Mus\u00e9e MAXXI : Glace au Mus\u00e9e? - esfrigo\",\"isPartOf\":{\"@id\":\"https:\/\/www.esfrigo.it\/fr\/#website\"},\"primaryImageOfPage\":{\"@id\":\"https:\/\/www.esfrigo.it\/fr\/es-frigo-pour-le-musee-maxxi-glace-au-musee\/#primaryimage\"},\"image\":{\"@id\":\"https:\/\/www.esfrigo.it\/fr\/es-frigo-pour-le-musee-maxxi-glace-au-musee\/#primaryimage\"},\"thumbnailUrl\":\"https:\/\/www.esfrigo.it\/wp-content\/uploads\/2024\/09\/News-1.jpg\",\"datePublished\":\"2024-09-27T15:19:33+00:00\",\"dateModified\":\"2025-07-08T13:29:48+00:00\",\"breadcrumb\":{\"@id\":\"https:\/\/www.esfrigo.it\/fr\/es-frigo-pour-le-musee-maxxi-glace-au-musee\/#breadcrumb\"},\"inLanguage\":\"fr-FR\",\"potentialAction\":[{\"@type\":\"ReadAction\",\"target\":[\"https:\/\/www.esfrigo.it\/fr\/es-frigo-pour-le-musee-maxxi-glace-au-musee\/\"]}]},{\"@type\":\"ImageObject\",\"inLanguage\":\"fr-FR\",\"@id\":\"https:\/\/www.esfrigo.it\/fr\/es-frigo-pour-le-musee-maxxi-glace-au-musee\/#primaryimage\",\"url\":\"https:\/\/www.esfrigo.it\/wp-content\/uploads\/2024\/09\/News-1.jpg\",\"contentUrl\":\"https:\/\/www.esfrigo.it\/wp-content\/uploads\/2024\/09\/News-1.jpg\",\"width\":1968,\"height\":840},{\"@type\":\"BreadcrumbList\",\"@id\":\"https:\/\/www.esfrigo.it\/fr\/es-frigo-pour-le-musee-maxxi-glace-au-musee\/#breadcrumb\",\"itemListElement\":[{\"@type\":\"ListItem\",\"position\":1,\"name\":\"Home\",\"item\":\"https:\/\/www.esfrigo.it\/fr\/\"},{\"@type\":\"ListItem\",\"position\":2,\"name\":\"ES Frigo pour le Mus\u00e9e MAXXI : Glace au Mus\u00e9e?\"}]},{\"@type\":\"WebSite\",\"@id\":\"https:\/\/www.esfrigo.it\/fr\/#website\",\"url\":\"https:\/\/www.esfrigo.it\/fr\/\",\"name\":\"esfrigo\",\"description\":\"\",\"publisher\":{\"@id\":\"https:\/\/www.esfrigo.it\/fr\/#organization\"},\"potentialAction\":[{\"@type\":\"SearchAction\",\"target\":{\"@type\":\"EntryPoint\",\"urlTemplate\":\"https:\/\/www.esfrigo.it\/fr\/?s={search_term_string}\"},\"query-input\":{\"@type\":\"PropertyValueSpecification\",\"valueRequired\":true,\"valueName\":\"search_term_string\"}}],\"inLanguage\":\"fr-FR\"},{\"@type\":\"Organization\",\"@id\":\"https:\/\/www.esfrigo.it\/fr\/#organization\",\"name\":\"esfrigo\",\"url\":\"https:\/\/www.esfrigo.it\/fr\/\",\"logo\":{\"@type\":\"ImageObject\",\"inLanguage\":\"fr-FR\",\"@id\":\"https:\/\/www.esfrigo.it\/fr\/#\/schema\/logo\/image\/\",\"url\":\"https:\/\/www.esfrigo.it\/wp-content\/uploads\/2024\/10\/Logo-Positivo-2.png\",\"contentUrl\":\"https:\/\/www.esfrigo.it\/wp-content\/uploads\/2024\/10\/Logo-Positivo-2.png\",\"width\":173,\"height\":60,\"caption\":\"esfrigo\"},\"image\":{\"@id\":\"https:\/\/www.esfrigo.it\/fr\/#\/schema\/logo\/image\/\"}},{\"@type\":\"Person\",\"@id\":\"https:\/\/www.esfrigo.it\/fr\/#\/schema\/person\/897c5cee3b730c832e3b71122b0f1c60\",\"name\":\"deK4gd\",\"image\":{\"@type\":\"ImageObject\",\"inLanguage\":\"fr-FR\",\"@id\":\"https:\/\/www.esfrigo.it\/fr\/#\/schema\/person\/image\/\",\"url\":\"https:\/\/secure.gravatar.com\/avatar\/1ddd37a07d8c2ba0cbbb7ea5cb0caf64?s=96&d=mm&r=g\",\"contentUrl\":\"https:\/\/secure.gravatar.com\/avatar\/1ddd37a07d8c2ba0cbbb7ea5cb0caf64?s=96&d=mm&r=g\",\"caption\":\"deK4gd\"},\"sameAs\":[\"https:\/\/www.esfrigo.it\"],\"url\":\"https:\/\/www.esfrigo.it\/fr\/author\/dek4gd\/\"}]}<\/script>\n<!-- \/ Yoast SEO plugin. -->","yoast_head_json":{"title":"ES Frigo pour le Mus\u00e9e MAXXI : Glace au Mus\u00e9e? - esfrigo","robots":{"index":"index","follow":"follow","max-snippet":"max-snippet:-1","max-image-preview":"max-image-preview:large","max-video-preview":"max-video-preview:-1"},"canonical":"https:\/\/www.esfrigo.it\/fr\/es-frigo-pour-le-musee-maxxi-glace-au-musee\/","og_locale":"fr_FR","og_type":"article","og_title":"ES Frigo pour le Mus\u00e9e MAXXI : Glace au Mus\u00e9e? - esfrigo","og_description":"ES Frigo pour le Mus\u00e9e MAXXI : Glace au Mus\u00e9e? Comment nous avons cr\u00e9\u00e9 une installation entre Art et Technologie Imaginez que vous entrez dans une pi\u00e8ce tr\u00e8s froide, dont le plafond et les murs sont recouverts d&#8217;une \u00e9paisse couche de glace. Il ne s&#8217;agit pas d&#8217;une reconstruction artificielle, mais d&#8217;une v\u00e9ritable glace qui se [&hellip;]","og_url":"https:\/\/www.esfrigo.it\/fr\/es-frigo-pour-le-musee-maxxi-glace-au-musee\/","og_site_name":"esfrigo","article_published_time":"2024-09-27T15:19:33+00:00","article_modified_time":"2025-07-08T13:29:48+00:00","og_image":[{"width":1968,"height":840,"url":"https:\/\/www.esfrigo.it\/wp-content\/uploads\/2024\/09\/News-1.jpg","type":"image\/jpeg"}],"author":"deK4gd","twitter_card":"summary_large_image","twitter_misc":{"Written by":"deK4gd","Est. reading time":"4 minutes"},"schema":{"@context":"https:\/\/schema.org","@graph":[{"@type":"Article","@id":"https:\/\/www.esfrigo.it\/fr\/es-frigo-pour-le-musee-maxxi-glace-au-musee\/#article","isPartOf":{"@id":"https:\/\/www.esfrigo.it\/fr\/es-frigo-pour-le-musee-maxxi-glace-au-musee\/"},"author":{"name":"deK4gd","@id":"https:\/\/www.esfrigo.it\/fr\/#\/schema\/person\/897c5cee3b730c832e3b71122b0f1c60"},"headline":"ES Frigo pour le Mus\u00e9e MAXXI : Glace au Mus\u00e9e?","datePublished":"2024-09-27T15:19:33+00:00","dateModified":"2025-07-08T13:29:48+00:00","mainEntityOfPage":{"@id":"https:\/\/www.esfrigo.it\/fr\/es-frigo-pour-le-musee-maxxi-glace-au-musee\/"},"wordCount":743,"publisher":{"@id":"https:\/\/www.esfrigo.it\/fr\/#organization"},"image":{"@id":"https:\/\/www.esfrigo.it\/fr\/es-frigo-pour-le-musee-maxxi-glace-au-musee\/#primaryimage"},"thumbnailUrl":"https:\/\/www.esfrigo.it\/wp-content\/uploads\/2024\/09\/News-1.jpg","keywords":["Case study","Gestion de la temp\u00e9rature","Solutions sur mesure","Syst\u00e8mes de r\u00e9frig\u00e9ration"],"articleSection":["news"],"inLanguage":"fr-FR"},{"@type":"WebPage","@id":"https:\/\/www.esfrigo.it\/fr\/es-frigo-pour-le-musee-maxxi-glace-au-musee\/","url":"https:\/\/www.esfrigo.it\/fr\/es-frigo-pour-le-musee-maxxi-glace-au-musee\/","name":"ES Frigo pour le Mus\u00e9e MAXXI : Glace au Mus\u00e9e? - esfrigo","isPartOf":{"@id":"https:\/\/www.esfrigo.it\/fr\/#website"},"primaryImageOfPage":{"@id":"https:\/\/www.esfrigo.it\/fr\/es-frigo-pour-le-musee-maxxi-glace-au-musee\/#primaryimage"},"image":{"@id":"https:\/\/www.esfrigo.it\/fr\/es-frigo-pour-le-musee-maxxi-glace-au-musee\/#primaryimage"},"thumbnailUrl":"https:\/\/www.esfrigo.it\/wp-content\/uploads\/2024\/09\/News-1.jpg","datePublished":"2024-09-27T15:19:33+00:00","dateModified":"2025-07-08T13:29:48+00:00","breadcrumb":{"@id":"https:\/\/www.esfrigo.it\/fr\/es-frigo-pour-le-musee-maxxi-glace-au-musee\/#breadcrumb"},"inLanguage":"fr-FR","potentialAction":[{"@type":"ReadAction","target":["https:\/\/www.esfrigo.it\/fr\/es-frigo-pour-le-musee-maxxi-glace-au-musee\/"]}]},{"@type":"ImageObject","inLanguage":"fr-FR","@id":"https:\/\/www.esfrigo.it\/fr\/es-frigo-pour-le-musee-maxxi-glace-au-musee\/#primaryimage","url":"https:\/\/www.esfrigo.it\/wp-content\/uploads\/2024\/09\/News-1.jpg","contentUrl":"https:\/\/www.esfrigo.it\/wp-content\/uploads\/2024\/09\/News-1.jpg","width":1968,"height":840},{"@type":"BreadcrumbList","@id":"https:\/\/www.esfrigo.it\/fr\/es-frigo-pour-le-musee-maxxi-glace-au-musee\/#breadcrumb","itemListElement":[{"@type":"ListItem","position":1,"name":"Home","item":"https:\/\/www.esfrigo.it\/fr\/"},{"@type":"ListItem","position":2,"name":"ES Frigo pour le Mus\u00e9e MAXXI : Glace au Mus\u00e9e?"}]},{"@type":"WebSite","@id":"https:\/\/www.esfrigo.it\/fr\/#website","url":"https:\/\/www.esfrigo.it\/fr\/","name":"esfrigo","description":"","publisher":{"@id":"https:\/\/www.esfrigo.it\/fr\/#organization"},"potentialAction":[{"@type":"SearchAction","target":{"@type":"EntryPoint","urlTemplate":"https:\/\/www.esfrigo.it\/fr\/?s={search_term_string}"},"query-input":{"@type":"PropertyValueSpecification","valueRequired":true,"valueName":"search_term_string"}}],"inLanguage":"fr-FR"},{"@type":"Organization","@id":"https:\/\/www.esfrigo.it\/fr\/#organization","name":"esfrigo","url":"https:\/\/www.esfrigo.it\/fr\/","logo":{"@type":"ImageObject","inLanguage":"fr-FR","@id":"https:\/\/www.esfrigo.it\/fr\/#\/schema\/logo\/image\/","url":"https:\/\/www.esfrigo.it\/wp-content\/uploads\/2024\/10\/Logo-Positivo-2.png","contentUrl":"https:\/\/www.esfrigo.it\/wp-content\/uploads\/2024\/10\/Logo-Positivo-2.png","width":173,"height":60,"caption":"esfrigo"},"image":{"@id":"https:\/\/www.esfrigo.it\/fr\/#\/schema\/logo\/image\/"}},{"@type":"Person","@id":"https:\/\/www.esfrigo.it\/fr\/#\/schema\/person\/897c5cee3b730c832e3b71122b0f1c60","name":"deK4gd","image":{"@type":"ImageObject","inLanguage":"fr-FR","@id":"https:\/\/www.esfrigo.it\/fr\/#\/schema\/person\/image\/","url":"https:\/\/secure.gravatar.com\/avatar\/1ddd37a07d8c2ba0cbbb7ea5cb0caf64?s=96&d=mm&r=g","contentUrl":"https:\/\/secure.gravatar.com\/avatar\/1ddd37a07d8c2ba0cbbb7ea5cb0caf64?s=96&d=mm&r=g","caption":"deK4gd"},"sameAs":["https:\/\/www.esfrigo.it"],"url":"https:\/\/www.esfrigo.it\/fr\/author\/dek4gd\/"}]}},"_links":{"self":[{"href":"https:\/\/www.esfrigo.it\/fr\/wp-json\/wp\/v2\/posts\/2204","targetHints":{"allow":["GET"]}}],"collection":[{"href":"https:\/\/www.esfrigo.it\/fr\/wp-json\/wp\/v2\/posts"}],"about":[{"href":"https:\/\/www.esfrigo.it\/fr\/wp-json\/wp\/v2\/types\/post"}],"author":[{"embeddable":true,"href":"https:\/\/www.esfrigo.it\/fr\/wp-json\/wp\/v2\/users\/1"}],"replies":[{"embeddable":true,"href":"https:\/\/www.esfrigo.it\/fr\/wp-json\/wp\/v2\/comments?post=2204"}],"version-history":[{"count":6,"href":"https:\/\/www.esfrigo.it\/fr\/wp-json\/wp\/v2\/posts\/2204\/revisions"}],"predecessor-version":[{"id":2932,"href":"https:\/\/www.esfrigo.it\/fr\/wp-json\/wp\/v2\/posts\/2204\/revisions\/2932"}],"wp:featuredmedia":[{"embeddable":true,"href":"https:\/\/www.esfrigo.it\/fr\/wp-json\/wp\/v2\/media\/2205"}],"wp:attachment":[{"href":"https:\/\/www.esfrigo.it\/fr\/wp-json\/wp\/v2\/media?parent=2204"}],"wp:term":[{"taxonomy":"category","embeddable":true,"href":"https:\/\/www.esfrigo.it\/fr\/wp-json\/wp\/v2\/categories?post=2204"},{"taxonomy":"post_tag","embeddable":true,"href":"https:\/\/www.esfrigo.it\/fr\/wp-json\/wp\/v2\/tags?post=2204"}],"curies":[{"name":"wp","href":"https:\/\/api.w.org\/{rel}","templated":true}]}}